{"id":943,"date":"2020-02-18T16:50:29","date_gmt":"2020-02-18T16:50:29","guid":{"rendered":"https:\/\/sindicato1chuqui.cl\/?p=943"},"modified":"2020-02-18T16:50:29","modified_gmt":"2020-02-18T16:50:29","slug":"consumo-de-agua-de-mar-en-mineria-aumentara-en-156-a-2030","status":"publish","type":"post","link":"https:\/\/sindicato1chuqui.cl\/maqueta\/2020\/02\/18\/consumo-de-agua-de-mar-en-mineria-aumentara-en-156-a-2030\/","title":{"rendered":"Consumo de agua de mar en miner\u00eda aumentar\u00e1 en 156% a 2030"},"content":{"rendered":"<p style=\"text-align: justify;\"><img decoding=\"async\" class=\"alignleft\" src=\"https:\/\/sindicato1chuqui.cl\/maqueta\/wp-content\/uploads\/2020\/02\/02D849E2.jpg\" \/>Frente al escenario de escasez h\u00eddrica que est\u00e1 afrontando el sector minero, las compa\u00f1\u00edas est\u00e1n procurando alternativas de suministro, como por ejemplo la desalinizaci\u00f3n, aspecto que fue destacado enla presentaci\u00f3n de los informes \u201cProyecciones de consumo de agua y energ\u00eda: insumos claves en el desarrollo sustentable de la miner\u00eda\u201d, que fueron realizados por Cochilco. Camila Montes, analista de la entidad, adelant\u00f3 que a 2030, el consumo de agua de mar aumentar\u00e1 en un 156% respecto a 2019, llegando a 11 m? por segundo; mientras que el uso de agua continental disminuir\u00eda en un 6%. La especialista explic\u00f3 que en las regiones m\u00e1s afectadas por la sequ\u00eda, la desalinizaci\u00f3n parece opci\u00f3n m\u00e1s concreta: en Antofagasta, el agua de mar representar\u00e1 el 65% del para la miner\u00eda del cobre hacia 2030; en Tarapac\u00e1 el 60%; en Atacama el 42%; y en Coquimbo el 25%.<\/p>\n<p>Junto con ello, coment\u00f3 que para 2030 se espera que un 90% del agua proveniente de los oc\u00e9anos sea destinada al tratamiento de sulfuros para la producci\u00f3n de concentrados, dado lo intensivo en el uso de agua que es este proceso. Por su parte, Rosana Brantes, analista de Cochilco, coment\u00f3 que la demanda energ\u00e9tica aumentar\u00e1 41% entre 2019 y 2030, pasando de 23,6 TWh a 33,1 TWh. Se estima que, para satisfacer la demanda esperada, se requerir\u00eda agregar una capacidad de generaci\u00f3n el\u00e9ctrica de 1. 387 MW a 2030. Cabe indicar que el crecimiento no ser\u00e1 uniforme: se aprecia que este sea relativamente alto hasta 2024, a\u00f1o que alcanzar\u00eda 30,6 TWh, para luego crecer con menor rapidez hasta 2027, a\u00f1o que se esperan 33,6 TWH. Posteriormente la demanda decrecer\u00e1 levemente hasta 33,1 TWh hacia 2030.<\/p>\n<p style=\"text-align: justify;\">Fuente: Mch<\/p>\n<p>&nbsp;<\/p>\n","protected":false},"excerpt":{"rendered":"<p>Frente al escenario de escasez h\u00eddrica que est\u00e1 afrontando el sector minero, las compa\u00f1\u00edas est\u00e1n procurando alternativas de suministro, como por ejemplo la desalinizaci\u00f3n, aspecto que fue destacado enla presentaci\u00f3n de los informes \u201cProyecciones de consumo de agua y energ\u00eda: insumos claves en el desarrollo sustentable de la miner\u00eda\u201d, que fueron realizados por Cochilco. Camila [&#8230;]\n","protected":false},"author":3,"featured_media":944,"comment_status":"open","ping_status":"open","sticky":false,"template":"","format":"standard","meta":{"footnotes":""},"categories":[124,126],"tags":[],"class_list":["post-943","post","type-post","status-publish","format-standard","has-post-thumbnail","hentry","category-noticias","category-noticiasmine"],"_links":{"self":[{"href":"https:\/\/sindicato1chuqui.cl\/maqueta\/wp-json\/wp\/v2\/posts\/943","targetHints":{"allow":["GET"]}}],"collection":[{"href":"https:\/\/sindicato1chuqui.cl\/maqueta\/wp-json\/wp\/v2\/posts"}],"about":[{"href":"https:\/\/sindicato1chuqui.cl\/maqueta\/wp-json\/wp\/v2\/types\/post"}],"author":[{"embeddable":true,"href":"https:\/\/sindicato1chuqui.cl\/maqueta\/wp-json\/wp\/v2\/users\/3"}],"replies":[{"embeddable":true,"href":"https:\/\/sindicato1chuqui.cl\/maqueta\/wp-json\/wp\/v2\/comments?post=943"}],"version-history":[{"count":0,"href":"https:\/\/sindicato1chuqui.cl\/maqueta\/wp-json\/wp\/v2\/posts\/943\/revisions"}],"wp:featuredmedia":[{"embeddable":true,"href":"https:\/\/sindicato1chuqui.cl\/maqueta\/wp-json\/wp\/v2\/media\/944"}],"wp:attachment":[{"href":"https:\/\/sindicato1chuqui.cl\/maqueta\/wp-json\/wp\/v2\/media?parent=943"}],"wp:term":[{"taxonomy":"category","embeddable":true,"href":"https:\/\/sindicato1chuqui.cl\/maqueta\/wp-json\/wp\/v2\/categories?post=943"},{"taxonomy":"post_tag","embeddable":true,"href":"https:\/\/sindicato1chuqui.cl\/maqueta\/wp-json\/wp\/v2\/tags?post=943"}],"curies":[{"name":"wp","href":"https:\/\/api.w.org\/{rel}","templated":true}]}}