{"id":2135,"date":"2021-06-23T14:08:43","date_gmt":"2021-06-23T14:08:43","guid":{"rendered":"https:\/\/sindicato1chuqui.cl\/?p=2135"},"modified":"2021-06-23T14:08:43","modified_gmt":"2021-06-23T14:08:43","slug":"alcaldes-electos-piden-un-mayor-aporte-de-la-mineria-y-abordan-discusion-del-royalty","status":"publish","type":"post","link":"https:\/\/sindicato1chuqui.cl\/maqueta\/2021\/06\/23\/alcaldes-electos-piden-un-mayor-aporte-de-la-mineria-y-abordan-discusion-del-royalty\/","title":{"rendered":"Alcaldes electos piden un mayor aporte de la mineria y abordan discusi\u00f3n del royalty"},"content":{"rendered":"<p style=\"text-align: justify;\">Este 28 de junio asumir\u00e1n los alcaldes electos, autoridades que en el caso de las comunas del norte del pa\u00eds tienen diversos desaf\u00edos entre los que destaca su relaci\u00f3n con la industria minera, por lo cual seguir\u00e1n atentamente el debate del pol\u00e9mico proyecto de royalty en el Congreso. Este es el caso de Jonathan Vel\u00e1squez (Independiente) y de Eliecer Chamorro (Federaci\u00f3n Regionalista Verde Social) -pr\u00f3ximos ediles de Antofagasta y Calama, respectivamente-, quienes analizan la contribuci\u00f3n de ese sector productivo y detallan sus primeras tareas. Por<\/p>\n<p style=\"text-align: justify;\"><strong>JONATHAN VEL\u00c1SQUEZ, ANTOFAGASTA<\/strong><\/p>\n<p style=\"text-align: justify;\">\u00abLas mineras han colaborado, pero con los recursos que generan podr\u00edan cooperar m\u00e1s el edil buscar\u00e1 incrementar la mano de obra local en la industria y que sus empresas eleven su compromiso social y ambiental.<\/p>\n<p style=\"text-align: justify;\">\u201cNo quiero que sea vista como una ciudad de paso sino una ciudad para que la gente se quede y no se vaya\u201d. Este es uno de los \u00e9nfasis que quiere poner en su gesti\u00f3n el alcalde electo de Antofagasta, Jonathan Vel\u00e1squez, quien quiere entregar a las personas que opten por radicarse en ella las garant\u00edas de una ciudad para vivir y no tan solo de un lugar para crecer econ\u00f3micamente. Espec\u00edficamente, dice, busca potenciar en conjunto con la miner\u00eda algunos temas que no se han desarrollado como el turismo y la calidad de vida. Asimismo, anticipa que le gustar\u00eda sugerir que la mano de obra de las mineras tambi\u00e9n sea local e impulsar que los liceos tengan un sistema de capacitaci\u00f3n en esta industria que contribuya a ese objetivo. Seg\u00fan explica, Antofagasta ha crecido de una manera importante, pero no se ha desarrollado urban\u00edsticamente como para poder acoger a toda la gente que ha llegado. A lo que suma, por ejemplo, que el ferrocarril atraviesa la ciudad sin una infraestructura amigable con el entorno. Para el nuevo edil, es relevante el compromiso social de las empresas mineras y que dejen una contribuci\u00f3n en la ciudad, ya sea en infraestructura o implementaci\u00f3n de colegios, entre otros aspectos. \u201cMe gustar\u00eda que todas las empresas mineras ayuden y trabajen en conjunto, en alianza dice.<\/p>\n<p style=\"text-align: justify;\">Y si bien considera que esa industria \u201csiempre ha colaborado\u201d, al mismo tiempo subraya que con los recursos que genera \u201cpodr\u00eda cooperar a\u00fan m\u00e1s con la ciudad, porque osino va a pasar lo que pas\u00f3 en su tiempo con el salitre\u201d. Para lograr este objetivo, anticipa que en su gesti\u00f3n como alcalde \u201ctendr\u00e9 un mayor di\u00e1logo con las mineras para que se comprometan, no tan solo socialmente sino tambi\u00e9n medioambientalmente para ayudar a la ciudad\u201d. Aunque considera que las empresas del sector instaladas en la zona est\u00e1n bien estructuradas y mantienen buenas relaciones con la comunidad y especialmente con las autoridades, Vel\u00e1squez buscar\u00e1 \u201cfortalecer ese di\u00e1logo y crear mesas de trabajo, porque la gente tiene muchas inquietudes, sobre todo en el tema medioambiental, desarrollo tur\u00edstico, inmobiliario y \u00e1reas verdes\u201d. Y sentencia: \u201cLas empresas mineras podr\u00edan colaborar mucho m\u00e1s con eso, en una alianza Antofagasta no se ve mucho.<\/p>\n<p style=\"text-align: justify;\">Lo \u00fanico que pido es que vean una ciudad, la necesidad declas personas, y mi prioridad es que resguarden el tema medioambiental\u201d. Sobre la discusi\u00f3n por el royalty minero, reconoce que hay grandes expectativas, porque es un tema que se viene escuchando desde hace a\u00f1os. \u201cSer\u00e1 beneficioso siempre y cuando se respeten los dos para que la regi\u00f3n sea la que resulte beneficiada\u201d, dice.<\/p>\n<p style=\"text-align: justify;\">\u201cLo que pasa como alcalde es que, de parte de las empresas mineras, haya un mayor compromiso con la zona\u201d.<\/p>\n<p style=\"text-align: justify;\"><strong>ELIECER CHAMORRO, CALAMA<\/strong><\/p>\n<p style=\"text-align: justify;\">\u00a0\u00abNo fuimos informados sobre el producto final del plan de descontaminaci\u00f3n\u201d Cuestiona la firma de ese instrumento, y sobre el royalty asegura que es una buena oportunidad para las zonas mineras. para el nuevo alcalde de la comuna de Calama, Eliecer Chamorro, \u201chemos sido una ciudad bastante abandonada a nivel nacional, y muy asustada desde el punto de vista ambiental\u201d. Es precisamente desde este punto que aborda el esperado Plan de Descontaminaci\u00f3n Atmosf\u00e9rica (PDA) para Calama que recientemente fue firmado por el presidente Sebasti\u00e1n Pi\u00f1era, a casi diez meses de su aprobaci\u00f3n por el Consejo de Ministros para la Sustentabilidad. La nueva autoridad detalla que se emitieron diversas observaciones y que pensaron que a nivel central se iban a considerar gran parte de ellas.<\/p>\n<p style=\"text-align: justify;\">Sin embargo, asegura, \u201ctenemos los suficientes argumentos para pensar que ese PDA fue modificado\u201d. Por este motivo, enfatiz\u00f3 que como alcalde electo est\u00e1 preocupado por \u201clo que pas\u00f3 hace un tiempo atr\u00e1s en nuestra ciudad, porque el PDA en algunas instancias, sobre todo en la etapa final, fue modificado y no fue puesto en conocimiento a la ciudadan\u00eda\u201d. Por esto, adelanta que buscar\u00e1n las medidas para poder mejorar esta situaci\u00f3n.<\/p>\n<p style=\"text-align: justify;\">Frente a la visita del Mandatario hace pocos d\u00edas, dice que la poblaci\u00f3n qued\u00f3 disconforme: \u201cQuedamos muy preocupados, porque no fuimos informados sobre el producto final de c\u00f3mo qued\u00f3 el plan de descontaminaci\u00f3n\u201d. Pese situaci\u00f3n, Chamorro se\u00f1ala que tienen las Puertas abiertas para las mineras, pero las inst\u00f3 a una mirada social que consolide el compromiso con el desarrollo de los vecinos.<\/p>\n<p style=\"text-align: justify;\">El nuevo edil es claro en admitir que quiere apoyar a aquellos parlamentarios que est\u00e1n trabajando en el royalty, que ve como \u201cuna muy buena oportunidad para nuestras zonas mineras\u201d. A el proyecto aprobado en su momento Mn es la arquitectura general, por lo que \u201cobviamente los porcentajes de tributaci\u00f3n tenemos que definirlos y ah\u00ed est\u00e1 la discusi\u00f3n t\u00e9cnica\u201d. Y es por eso que si bien reconoce que en el tr\u00e1mite a nivel de detalle es necesario establecer los puntos espec\u00edficos, enfatiza que \u201cojal\u00e1 esto sea aplicable r\u00e1pidamente\u201d. Respecto de la argumentaci\u00f3n de quienes advierten que si la norma se aplica tal como est\u00e1 implicar\u00eda establecer el doble de la tributaci\u00f3n que en los pa\u00edses desarrollados, Chamorro considera que esa eventualidad \u201ces probable, si bien no he visto el detalle, pero el concepto general tenemos que aprobarlo\u201d. Y aunque entiende las aprensiones que tienen las mineras cree que lleg\u00f3 el momento de poder rentabilidad mucho m\u00e1s social.<\/p>\n<p style=\"text-align: justify;\">Consultado por si habr\u00e1 un mayor \u00e9nfasis en la alcald\u00eda en materia medioambiental o h\u00eddrica, puntualiza que estar\u00e1n atentos de acuerdo a sus facultades: \u201cVamos a reactivar fuertemente las mesas de trabajo que en su momento logramos con el mundo de la miner\u00eda\u201d. \u201cHay que definir los puntos ICOS, pero ojal\u00e1 sea aplicable &#8211; r\u00e1pidamente (&#8230; ) El royalty es una muy buena oportunidad\u201d. JONATHAN VEL\u00c1SQUEZ, \u00abLas mineras han colaborado, pero con los recursos que generan podrian cooperar m\u00e1s\u00bb Edil buscar\u00e1 incrementar la mano de obra local en la industria y que sus empresas eleven su compromiso social y ambiental.<\/p>\n<p style=\"text-align: justify;\">\u201cNo quiero que sea vista como una ciudad de paso sino una ciudad para que la gente se quede a vivir y no se vaya\u201d. Este es uno de los \u00e9nfasis que quiere poner en su gesti\u00f3n el alcalde electo de Antofagasta, Jonathan Vel\u00e1squez, quien quiere entregar a las personas que opten por radicarse en ella las garant\u00edas de una ciudad para vivir y no tan solo de un lugar para crecer econ\u00f3micamente. Espec\u00edficamente, dice, busca potenciar en conjunto con la miner\u00eda algunos temas que no se han desarrollado como el turismo y la calidad de vida. Asimismo, anticipa que le gustar\u00eda sugerir que la mano de obra de las mineras tambi\u00e9n sea local e impulsar que los liceos tengan un sistema de capacitaci\u00f3n en esta industria que contribuya a ese objetivo. Seg\u00fan explica, Antofagasta ha crecido de una manera importante, pero no se ha desarrollado urban\u00edsticamente como para poder acoger a toda la gente que ha llegado. A lo que suma, por ejemplo, que el ferrocarril atraviesa la ciudad sin una infraestructura amigable con el entorno. Para el nuevo edil, es relevante el compromiso social de las empresas mineras y que dejen una contribuci\u00f3n en la ciudad, ya sea en infraestructura o implementaci\u00f3n de colegios, entre otros aspectos.<\/p>\n<p style=\"text-align: justify;\">\u201cLo que pido como alcalde es que, de parte de las empresas mineras, haya un mayor compromiso con a zona\u201d. \u201cMe gustar\u00eda que todas las empresas mineras ayuden y trabajen en conjunto, en alianza p\u00fablico-privada\u201d, dice.<\/p>\n<p style=\"text-align: justify;\">Y si bien considera que esa industria \u201csiempre ha colaborado\u201d, al mismo tiempo subraya que con los recursos que genera \u201cpodr\u00eda cooperar a\u00fan m\u00e1s con la ciudad, porque osino va a pasar lo que pas\u00f3 en su tiempo con el salitre\u201d. Para lograr este objetivo, anticipa que en su gesti\u00f3n como alcalde \u201ctendr\u00e9 un mayor di\u00e1logo con las mineras para que se comprometan, no tan solo socialmente sino tambi\u00e9n medioambientalmente para ayudar a la ciudad\u201d. Aunque considera que las empresas del sector instaladas en la zona est\u00e1n bien estructuradas y mantienen buenas relaciones con la comunidad y especialmente con las autoridades, Vel\u00e1squez buscar\u00e1 \u201cfortalecer ese di\u00e1logo y crear mesas de trabajo, porque la gente tiene muchas inquietudes, sobre todo en el tema medioambiental, desarrollo tur\u00edstico, inmobiliario y \u00e1reas verdes\u201d. Y sentencia: mineras podr\u00edan colaborar mucho m\u00e1s con eso, en una alianza p\u00fablico-privada que en Antofagasta no se ve mucho.<\/p>\n<p style=\"text-align: justify;\">Lo \u00fanico que pido es que vean un ciudad, la necesidad delas personas, y mi prioridad es que resguarden el tema medioambiental\u201d. Sobre la discusi\u00f3n por el royalty minero, reconoce que hay grandes expectativas, porque es un tema que se viene escuchando desde hace a\u00f1os. \u201cSer\u00e1 beneficioso siempre y cuando se respeten los dos para que la regi\u00f3n sea la que resulte beneficiada\u201d, dice.<\/p>\n<p style=\"text-align: justify;\">Para el nuevo alcalde de la comuna de Calama, Eliecer Chamorro, \u201chemos sido una ciudad bastante abandonada a nivel nacional, y m\u00e1s desde el punto de vista ambiental\u201d. Es precisamente desde este punto que aborda el esperado Plan de Descontaminaci\u00f3n Atmosf\u00e9rica (PDA) para Calama que recientemente fue firmado por el Presidente Sebasti\u00e1n Pi\u00f1era, a casi diez meses de su aprobaci\u00f3n por el Consejo de Ministros para la Sustentabilidad. La nueva autoridad detalla que se emitieron diversas observaciones y que pensaron que a nivel central se iban a considerar gran parte de ellas.<\/p>\n<p style=\"text-align: justify;\">Sin embargo, asegura, \u201ctenemos los suficientes argumentos para pensar que ese PDA fue modificado\u201d. Por este motivo, enfatiz\u00f3 que como alcalde electo est\u00e1 preocupado por \u201clo que pas\u00f3 tiempo atr\u00e1s en la \u00a0ciudad, porque el PDA en ELIECERCHAMORRO, \u201cNo fuimos informados descontaminaci\u00f3n? el Cuestiona la firma de ese instrumento, y sobre el royalty asegura que es una buena oportunidad para las zonas mineras. Algunas instancias, sobre todo en la etapa final, fue modificado y no fue puesto en conocimiento a la ciudadan\u00eda\u201d. Por esto, adelanta que buscar\u00e1n las medidas para poder mejorar esta situaci\u00f3n.<\/p>\n<p style=\"text-align: justify;\">Frente a la visita del Mandatario hace pocos d\u00edas, dice que la poblaci\u00f3n qued\u00f3 disconforme: \u201cQuedamos muy preocupados, porque no fuimos informados sobre el producto final de c\u00f3mo qued\u00f3 el plan de descontaminaci\u00f3n\u201d. Pese a esta situaci\u00f3n, \u201cHay que definir los puntos ICOS, pero ojal\u00e1 sea aplicable r\u00e1pidamente (&#8230; ) El royalty es una muy buena oportunidad\u201d. Morro se\u00f1ala que tienen las Puertas abiertas para las mineras, pero las inst\u00f3 a una mirada social que consolide el compromiso con el desarrollo de los vecinos.<\/p>\n<p style=\"text-align: justify;\">El nuevo edil es claro en admitir que quiere apoyar a aquellos parlamentarios que est\u00e1n trabajando en el royalty, que ve como \u201cuna muy buena oportunidad para nuestras zonas mineras\u201d. A su juicio, el proyecto aprobado en su momento es la arquitectura general, por lo que \u201cobviamente los porcentajes de tributaci\u00f3n tenemos que definirlos y ah\u00ed est\u00e1 la discusi\u00f3n t\u00e9cnica\u201d. Y es por eso que si bien reconoce que en el tr\u00e1mite a nivel de detalle es necesario establecer los puntos espec\u00edficos, enfatiza que \u201cojal\u00e1 esto sea aplicable r\u00e1pidamente\u201d. Respecto de la argumentaci\u00f3n de quienes advierten que si la norma se aplica tal como est\u00e1 implicar\u00eda establecer el doble de la tributaci\u00f3n que en los pa\u00edses desarrollados, Chamorro considera que esa eventualidad \u201ces probable, si bien no he visto el detalle, pero el concepto general tenemos que aprobarlo\u201d. Y aunque entiende las aprensiones que tienen las mineras cree que lleg\u00f3 el momento de poder hacer una rentabilidad mucho m\u00e1s social.<\/p>\n<p style=\"text-align: justify;\">Consultado por si habr\u00e1 un mayor \u00e9nfasis en la alcald\u00eda en materia medioambiental o h\u00eddrica, puntualiza que estar\u00e1n atentos de acuerdo a sus facultades: \u201cVamos a reactivar fuertemente las mesas de trabajo que en su momento logramos con el mundo de la miner\u00eda\u201d.<\/p>\n<p style=\"text-align: justify;\">Fuente: Diario Financiero<\/p>\n","protected":false},"excerpt":{"rendered":"<p>Este 28 de junio asumir\u00e1n los alcaldes electos, autoridades que en el caso de las comunas del norte del pa\u00eds tienen diversos desaf\u00edos entre los que destaca su relaci\u00f3n con la industria minera, por lo cual seguir\u00e1n atentamente el debate del pol\u00e9mico proyecto de royalty en el Congreso. Este es el caso de Jonathan Vel\u00e1squez [&#8230;]\n","protected":false},"author":3,"featured_media":1700,"comment_status":"open","ping_status":"open","sticky":false,"template":"","format":"standard","meta":{"footnotes":""},"categories":[124,126],"tags":[],"class_list":["post-2135","post","type-post","status-publish","format-standard","has-post-thumbnail","hentry","category-noticias","category-noticiasmine"],"_links":{"self":[{"href":"https:\/\/sindicato1chuqui.cl\/maqueta\/wp-json\/wp\/v2\/posts\/2135","targetHints":{"allow":["GET"]}}],"collection":[{"href":"https:\/\/sindicato1chuqui.cl\/maqueta\/wp-json\/wp\/v2\/posts"}],"about":[{"href":"https:\/\/sindicato1chuqui.cl\/maqueta\/wp-json\/wp\/v2\/types\/post"}],"author":[{"embeddable":true,"href":"https:\/\/sindicato1chuqui.cl\/maqueta\/wp-json\/wp\/v2\/users\/3"}],"replies":[{"embeddable":true,"href":"https:\/\/sindicato1chuqui.cl\/maqueta\/wp-json\/wp\/v2\/comments?post=2135"}],"version-history":[{"count":0,"href":"https:\/\/sindicato1chuqui.cl\/maqueta\/wp-json\/wp\/v2\/posts\/2135\/revisions"}],"wp:featuredmedia":[{"embeddable":true,"href":"https:\/\/sindicato1chuqui.cl\/maqueta\/wp-json\/wp\/v2\/media\/1700"}],"wp:attachment":[{"href":"https:\/\/sindicato1chuqui.cl\/maqueta\/wp-json\/wp\/v2\/media?parent=2135"}],"wp:term":[{"taxonomy":"category","embeddable":true,"href":"https:\/\/sindicato1chuqui.cl\/maqueta\/wp-json\/wp\/v2\/categories?post=2135"},{"taxonomy":"post_tag","embeddable":true,"href":"https:\/\/sindicato1chuqui.cl\/maqueta\/wp-json\/wp\/v2\/tags?post=2135"}],"curies":[{"name":"wp","href":"https:\/\/api.w.org\/{rel}","templated":true}]}}