{"id":2063,"date":"2021-04-27T14:47:47","date_gmt":"2021-04-27T14:47:47","guid":{"rendered":"https:\/\/sindicato1chuqui.cl\/?p=2063"},"modified":"2021-04-27T14:47:47","modified_gmt":"2021-04-27T14:47:47","slug":"mas-de-40-organizaciones-sociales-de-calama-exigen-que-ministro-de-mineria-firme-plan-de-descontaminacion-atmosferica-pda","status":"publish","type":"post","link":"https:\/\/sindicato1chuqui.cl\/maqueta\/2021\/04\/27\/mas-de-40-organizaciones-sociales-de-calama-exigen-que-ministro-de-mineria-firme-plan-de-descontaminacion-atmosferica-pda\/","title":{"rendered":"M\u00e1s de 40 organizaciones sociales de Calama exigen que ministro de Miner\u00eda firme Plan de Descontaminaci\u00f3n Atmosf\u00e9rica (PDA)"},"content":{"rendered":"<p style=\"text-align: justify;\">Un malestar com\u00fan es el de que dejan de manifiesto m\u00e1s de 40 agrupaciones de la comuna de Calama, que atienden al llamado de la Coordinadora por la Defensa del R\u00edo Loa y la Madre Tierra, y exigen al presidente Sebasti\u00e1n Pi\u00f1era, y al ministro de Miner\u00eda, Juan Carlos Jobet que de una vez por todas firmen y den curso a la ejecuci\u00f3n del Plan de Descontaminaci\u00f3n Atmosf\u00e9rica (PDA).<\/p>\n<p style=\"text-align: justify;\">\u201cNo logramos entender como ciudadan\u00eda tanto desprecio, marginalizaci\u00f3n e indolencia de parte del Ministro de Miner\u00eda, despu\u00e9s del anuncio de la ministra Schmidt el a\u00f1o pasado, para poder tener un PDA en Calama. Despu\u00e9s de 12 largos a\u00f1os de espera, participaci\u00f3n y lucha, para que ahora mantengan paralizada la tramitaci\u00f3n por compromisos econ\u00f3micos\u201d, se\u00f1al\u00f3 Dalila Pe\u00f1a, educadora ambiental, miembro de la coordinadora y candidata de La Lista del Pueblo en el Distrito 3.<\/p>\n<p style=\"text-align: justify;\">Dicha petici\u00f3n es detallada en la Declaraci\u00f3n P\u00fablica dada a conocer durante la jornada, que cuenta con la adhesi\u00f3n de un n\u00famero considerable de agrupaciones, dando cuenta de la transversalidad de esta demanda. Seg\u00fan se\u00f1alan en el documento dirigido al\u00a0Ministro de Miner\u00eda Juan Carlos Jobet, y al presidente de la Rep\u00fablica Sebasti\u00e1n Pi\u00f1era Eche\u00f1ique, el llamado obedece a la desidia que advierten tras la reiterativa postergaci\u00f3n de un proceso urgente, que hoy se mantiene detenido \u00fanicamente por la falta de las firmas de las autoridades emplazadas. En la impresi\u00f3n de los firmantes, esta demora administrativa obedece \u00fanicamente a la protecci\u00f3n de intereses econ\u00f3micos de la industria minera, por sobre la salud y la vida de las familias de la capital lo\u00edna.<\/p>\n<p style=\"text-align: justify;\">A ello se refiere en detalle Andrea V\u00e1squez, vocera de la coordinadora, que manifiesta su malestar por el desconocimiento a los a\u00f1os de lucha ambiental. \u201cHoy d\u00eda Calama es el fiel reflejo de las pol\u00edticas del despojo y centralismo, que hist\u00f3ricamente han postergado a nuestra ciudad en su bienestar. Hoy ese centralismo y despojo tiene nombre a trav\u00e9s del Ministro de Miner\u00eda y a trav\u00e9s del presidente Pi\u00f1era. Hacemos el emplazamiento junto con 40 organizaciones, para que firmen el PDA. \u00bfPor qu\u00e9 no lo han firmado? Queremos que transparenten su posici\u00f3n\u201d, se\u00f1ala.<\/p>\n<p style=\"text-align: justify;\">En relaci\u00f3n a las causas que observan para este estancamiento, Andrea es clara. \u201cNosotros creemos que ellos est\u00e1n cediendo al lobby minero y por tanto de cara a la ciudadan\u00eda tienen que responder con transparencia a qu\u00e9 intereses sirven. Si siguen a los intereses de la ciudadan\u00eda, de la salud de los y las habitantes, que firmen el Plan de Descontaminaci\u00f3n. Pero si responden a los intereses de la miner\u00eda y de la megaminer\u00eda extractivista como es Codelco, que transparenten esa posici\u00f3n para nosotros ejercer la presi\u00f3n y la movilizaci\u00f3n, porque lo que estamos exigiendo hoy d\u00eda es la salud y la dignidad de los y las habitantes de Calama, a trav\u00e9s de la ejecuci\u00f3n de este plan que no puede seguir posterg\u00e1ndose. Son 12 a\u00f1os de postergaci\u00f3n, no podemos esperar m\u00e1s\u201d, sostiene la dirigenta.<\/p>\n<p style=\"text-align: justify;\">Cabe mencionar que fue en el a\u00f1o 2009 cuando Calama se declara Zona Saturada por Material Particulado MP10 en todas sus \u00e1reas circundantes, por lo que desde all\u00ed comenz\u00f3 un movimiento social que ha exigido a todas las autoridades de turno la ejecuci\u00f3n de este plan, que de manera sostenida ha sido aplazado.<\/p>\n<p style=\"text-align: justify;\">Tras lo informado en la declaraci\u00f3n, se evidencia que la situaci\u00f3n lleg\u00f3 al l\u00edmite durante el a\u00f1o 2017, cuando la ciudadan\u00eda inici\u00f3 una serie de manifestaciones para ejercer presi\u00f3n, tras constatar que a\u00fan figuraba pendiente esta acci\u00f3n, pese a su urgencia y ordenamiento. Dicha situaci\u00f3n deriv\u00f3 en una \u201cReclamaci\u00f3n por Notable Abandono de Deberes\u201d de las autoridades competentes, acogida por la Contralor\u00eda General de la Rep\u00fablica que, para pesar de las organizaciones, no fue suficiente para que el Estado chileno reactivar\u00e1 el PDA.<\/p>\n<p style=\"text-align: justify;\">Fue as\u00ed como tras una incansable lucha en las calles y redes, el pasado 13 de agosto de 2020 la iniciativa vio luz verde tras ser aprobada en sesi\u00f3n del Consejo de Ministros para la Sustentabilidad. No obstante, a la fecha no ha podido ser concretada por un tr\u00e1mite administrativo faltante: la firma del Ministro de Miner\u00eda.<\/p>\n<p style=\"text-align: justify;\">\u201cHoy tienen estancada esta demanda que se ha vuelto hist\u00f3rica, por el debate econ\u00f3mico que ellos aluden, por los intereses de la miner\u00eda y la alta incidencia de c\u00e1ncer y ni\u00f1os con diagn\u00f3stico de enfermedades vinculadas al espectro autista. Eso no vale, simplemente al Gobierno no le importa mucho, menos valora la vida y la salud de nuestra gente, ya que ni el presidente es capaz de llamar la atenci\u00f3n del Ministro de Miner\u00eda\u201d, reclama Dalila Pe\u00f1a, representando a todas las agrupaciones que firman la Declaraci\u00f3n P\u00fablica expuesta.<\/p>\n<p>Fuente: El Ciudadano<\/p>\n","protected":false},"excerpt":{"rendered":"<p>Un malestar com\u00fan es el de que dejan de manifiesto m\u00e1s de 40 agrupaciones de la comuna de Calama, que atienden al llamado de la Coordinadora por la Defensa del R\u00edo Loa y la Madre Tierra, y exigen al presidente Sebasti\u00e1n Pi\u00f1era, y al ministro de Miner\u00eda, Juan Carlos Jobet que de una vez por [&#8230;]\n","protected":false},"author":3,"featured_media":2064,"comment_status":"open","ping_status":"open","sticky":false,"template":"","format":"standard","meta":{"footnotes":""},"categories":[124,126],"tags":[],"class_list":["post-2063","post","type-post","status-publish","format-standard","has-post-thumbnail","hentry","category-noticias","category-noticiasmine"],"_links":{"self":[{"href":"https:\/\/sindicato1chuqui.cl\/maqueta\/wp-json\/wp\/v2\/posts\/2063","targetHints":{"allow":["GET"]}}],"collection":[{"href":"https:\/\/sindicato1chuqui.cl\/maqueta\/wp-json\/wp\/v2\/posts"}],"about":[{"href":"https:\/\/sindicato1chuqui.cl\/maqueta\/wp-json\/wp\/v2\/types\/post"}],"author":[{"embeddable":true,"href":"https:\/\/sindicato1chuqui.cl\/maqueta\/wp-json\/wp\/v2\/users\/3"}],"replies":[{"embeddable":true,"href":"https:\/\/sindicato1chuqui.cl\/maqueta\/wp-json\/wp\/v2\/comments?post=2063"}],"version-history":[{"count":0,"href":"https:\/\/sindicato1chuqui.cl\/maqueta\/wp-json\/wp\/v2\/posts\/2063\/revisions"}],"wp:featuredmedia":[{"embeddable":true,"href":"https:\/\/sindicato1chuqui.cl\/maqueta\/wp-json\/wp\/v2\/media\/2064"}],"wp:attachment":[{"href":"https:\/\/sindicato1chuqui.cl\/maqueta\/wp-json\/wp\/v2\/media?parent=2063"}],"wp:term":[{"taxonomy":"category","embeddable":true,"href":"https:\/\/sindicato1chuqui.cl\/maqueta\/wp-json\/wp\/v2\/categories?post=2063"},{"taxonomy":"post_tag","embeddable":true,"href":"https:\/\/sindicato1chuqui.cl\/maqueta\/wp-json\/wp\/v2\/tags?post=2063"}],"curies":[{"name":"wp","href":"https:\/\/api.w.org\/{rel}","templated":true}]}}