{"id":1813,"date":"2020-11-23T14:37:53","date_gmt":"2020-11-23T14:37:53","guid":{"rendered":"https:\/\/sindicato1chuqui.cl\/?p=1813"},"modified":"2020-11-23T14:37:53","modified_gmt":"2020-11-23T14:37:53","slug":"andre-sougarret-regresa-a-codelco-como-vicepresidente-de-operaciones-norte","status":"publish","type":"post","link":"https:\/\/sindicato1chuqui.cl\/maqueta\/2020\/11\/23\/andre-sougarret-regresa-a-codelco-como-vicepresidente-de-operaciones-norte\/","title":{"rendered":"Andr\u00e9 Sougarret regresa a Codelco como vicepresidente de Operaciones Norte"},"content":{"rendered":"<p style=\"text-align: justify;\"><img decoding=\"async\" class=\"alignleft\" src=\"https:\/\/sindicato1chuqui.cl\/maqueta\/wp-content\/uploads\/2020\/11\/1-22-300x241-1.jpg\" \/>Codelco inform\u00f3 en un hecho esencial a la Comisi\u00f3n para el Mercado Financiero, la designaci\u00f3n de Andr\u00e9 Sougarret como su nuevo vicepresidente de Operaciones Norte, cargo que hasta hoy estaba ocupando en calidad de interino el vicepresidente de Operaciones Centro Sur, Mauricio Barraza.<\/p>\n<p style=\"text-align: justify;\">Tras una larga trayectoria en la cupr\u00edfera estatal, el ingeniero civil de Minas asumi\u00f3 en abril de 2018 como vicepresidente ejecutivo de la Empresa Nacional de Miner\u00eda (Enami) y luego como director de Operaciones de Minera Fresnillo, en M\u00e9xico.<\/p>\n<p style=\"text-align: justify;\">En Codelco, el primer paso de Sougarret fue entre 1992 y 2012 en El Teniente, donde lleg\u00f3 a ser subgerente general de Operaciones antes de partir a Antofagasta Minerals como gerente general de Minera Esperanza, primero, y de Minera Centinela, despu\u00e9s. Tras cinco a\u00f1os fuera, volvi\u00f3 a la estatal en 2017 para asumir como gerente general de El Teniente.<\/p>\n<p style=\"text-align: justify;\">Sougarret ha sido distinguido en varias oportunidades. Entre los reconocimientos m\u00e1s importantes destaca el de \u201cIngeniero de minas del a\u00f1o 2010\u201d, otorgado por el Instituto de Ingenieros de Minas de Chile (IIMCH), y el de \u201cIngeniero del a\u00f1o 2010\u201d, entregado por el Colegio de Ingenieros de Chile, ambos por su destacada actuaci\u00f3n en el accidente de la Mina San Jos\u00e9, cuando ejerci\u00f3 como l\u00edder del rescate de los 33 mineros atrapados a casi 700 metros de profundidad.<\/p>\n<p style=\"text-align: justify;\">Cabe destacar que como vicepresidente de Operaciones Norte, Andr\u00e9 Sougarret estar\u00e1 a cargo de Chuquicamata, Radomiro Tomic, Ministro Hales y Gabriela Mistral.<\/p>\n<p>Fuente: Revista T\u00e9cnicos Mineros<\/p>\n","protected":false},"excerpt":{"rendered":"<p>Codelco inform\u00f3 en un hecho esencial a la Comisi\u00f3n para el Mercado Financiero, la designaci\u00f3n de Andr\u00e9 Sougarret como su nuevo vicepresidente de Operaciones Norte, cargo que hasta hoy estaba ocupando en calidad de interino el vicepresidente de Operaciones Centro Sur, Mauricio Barraza. Tras una larga trayectoria en la cupr\u00edfera estatal, el ingeniero civil de [&#8230;]\n","protected":false},"author":3,"featured_media":8511,"comment_status":"open","ping_status":"open","sticky":false,"template":"","format":"standard","meta":{"footnotes":""},"categories":[124,126],"tags":[],"class_list":["post-1813","post","type-post","status-publish","format-standard","has-post-thumbnail","hentry","category-noticias","category-noticiasmine"],"_links":{"self":[{"href":"https:\/\/sindicato1chuqui.cl\/maqueta\/wp-json\/wp\/v2\/posts\/1813","targetHints":{"allow":["GET"]}}],"collection":[{"href":"https:\/\/sindicato1chuqui.cl\/maqueta\/wp-json\/wp\/v2\/posts"}],"about":[{"href":"https:\/\/sindicato1chuqui.cl\/maqueta\/wp-json\/wp\/v2\/types\/post"}],"author":[{"embeddable":true,"href":"https:\/\/sindicato1chuqui.cl\/maqueta\/wp-json\/wp\/v2\/users\/3"}],"replies":[{"embeddable":true,"href":"https:\/\/sindicato1chuqui.cl\/maqueta\/wp-json\/wp\/v2\/comments?post=1813"}],"version-history":[{"count":0,"href":"https:\/\/sindicato1chuqui.cl\/maqueta\/wp-json\/wp\/v2\/posts\/1813\/revisions"}],"wp:featuredmedia":[{"embeddable":true,"href":"https:\/\/sindicato1chuqui.cl\/maqueta\/wp-json\/wp\/v2\/media\/8511"}],"wp:attachment":[{"href":"https:\/\/sindicato1chuqui.cl\/maqueta\/wp-json\/wp\/v2\/media?parent=1813"}],"wp:term":[{"taxonomy":"category","embeddable":true,"href":"https:\/\/sindicato1chuqui.cl\/maqueta\/wp-json\/wp\/v2\/categories?post=1813"},{"taxonomy":"post_tag","embeddable":true,"href":"https:\/\/sindicato1chuqui.cl\/maqueta\/wp-json\/wp\/v2\/tags?post=1813"}],"curies":[{"name":"wp","href":"https:\/\/api.w.org\/{rel}","templated":true}]}}