{"id":11648,"date":"2026-09-04T21:30:09","date_gmt":"2026-09-04T21:30:09","guid":{"rendered":"https:\/\/sindicato1chuqui.cl\/maqueta\/?p=11648"},"modified":"2026-09-04T21:30:09","modified_gmt":"2026-09-04T21:30:09","slug":"enterate-de-las-noticias-que-marcaron-la-semana-en-mundo-sindical","status":"publish","type":"post","link":"https:\/\/sindicato1chuqui.cl\/maqueta\/2026\/09\/04\/enterate-de-las-noticias-que-marcaron-la-semana-en-mundo-sindical\/","title":{"rendered":"Ent\u00e9rate de las noticias que marcaron la semana en Mundo Sindical"},"content":{"rendered":"<p style=\"text-align: justify;\">Bienvenidos a una nueva edici\u00f3n de Mundo Sindical, el espacio donde compartimos las principales noticias, gestiones, actividades y beneficios de inter\u00e9s para nuestros socios(as) y sus familias.<br \/>\nEn esta oportunidad revisaremos la participaci\u00f3n de la Federaci\u00f3n de Trabajadores del Cobre junto a los Sindicatos N.\u00ba 1, N.\u00ba 2, N.\u00ba 5 y Sindicato Minero de Chuquicamata ante la Comisi\u00f3n Especial Investigadora de la C\u00e1mara de Diputados, donde se abordaron las discrepancias en las cifras de producci\u00f3n de Codelco 2025 y la defensa de las remuneraciones de las y los trabajadores. Tambi\u00e9n conoceremos nuevas jornadas de asesor\u00eda inmobiliaria gratuita, los avances del quincho de nuestro camping en Mejillones, recordaremos el beneficio de Ayuda Mortuoria y revisaremos la reuni\u00f3n de la FTC con la CUT y la pr\u00f3xima presentaci\u00f3n de su Propuesta Nacional para fortalecer Codelco. Adem\u00e1s, les contaremos sobre nuestros convenios dentales fuera de Calama, destacando en esta edici\u00f3n a Cl\u00ednica Portales en la ciudad de Ovalle.<\/p>\n<p><iframe src=\"\/\/www.youtube.com\/embed\/i0bvrOEaEeA\" width=\"560\" height=\"314\" allowfullscreen=\"allowfullscreen\"><\/iframe><\/p>\n<p>&nbsp;<\/p>\n","protected":false},"excerpt":{"rendered":"<p>Bienvenidos a una nueva edici\u00f3n de Mundo Sindical, el espacio donde compartimos las principales noticias, gestiones, actividades y beneficios de inter\u00e9s para nuestros socios(as) y sus familias. En esta oportunidad revisaremos la participaci\u00f3n de la Federaci\u00f3n de Trabajadores del Cobre junto a los Sindicatos N.\u00ba 1, N.\u00ba 2, N.\u00ba 5 y Sindicato Minero de Chuquicamata [&#8230;]\n","protected":false},"author":4,"featured_media":11649,"comment_status":"closed","ping_status":"closed","sticky":false,"template":"","format":"standard","meta":{"footnotes":""},"categories":[124,125],"tags":[],"class_list":["post-11648","post","type-post","status-publish","format-standard","has-post-thumbnail","hentry","category-noticias","category-noticiassindi"],"_links":{"self":[{"href":"https:\/\/sindicato1chuqui.cl\/maqueta\/wp-json\/wp\/v2\/posts\/11648","targetHints":{"allow":["GET"]}}],"collection":[{"href":"https:\/\/sindicato1chuqui.cl\/maqueta\/wp-json\/wp\/v2\/posts"}],"about":[{"href":"https:\/\/sindicato1chuqui.cl\/maqueta\/wp-json\/wp\/v2\/types\/post"}],"author":[{"embeddable":true,"href":"https:\/\/sindicato1chuqui.cl\/maqueta\/wp-json\/wp\/v2\/users\/4"}],"replies":[{"embeddable":true,"href":"https:\/\/sindicato1chuqui.cl\/maqueta\/wp-json\/wp\/v2\/comments?post=11648"}],"version-history":[{"count":1,"href":"https:\/\/sindicato1chuqui.cl\/maqueta\/wp-json\/wp\/v2\/posts\/11648\/revisions"}],"predecessor-version":[{"id":11650,"href":"https:\/\/sindicato1chuqui.cl\/maqueta\/wp-json\/wp\/v2\/posts\/11648\/revisions\/11650"}],"wp:featuredmedia":[{"embeddable":true,"href":"https:\/\/sindicato1chuqui.cl\/maqueta\/wp-json\/wp\/v2\/media\/11649"}],"wp:attachment":[{"href":"https:\/\/sindicato1chuqui.cl\/maqueta\/wp-json\/wp\/v2\/media?parent=11648"}],"wp:term":[{"taxonomy":"category","embeddable":true,"href":"https:\/\/sindicato1chuqui.cl\/maqueta\/wp-json\/wp\/v2\/categories?post=11648"},{"taxonomy":"post_tag","embeddable":true,"href":"https:\/\/sindicato1chuqui.cl\/maqueta\/wp-json\/wp\/v2\/tags?post=11648"}],"curies":[{"name":"wp","href":"https:\/\/api.w.org\/{rel}","templated":true}]}}