{"id":11454,"date":"2026-04-28T14:13:02","date_gmt":"2026-04-28T14:13:02","guid":{"rendered":"https:\/\/sindicato1chuqui.cl\/maqueta\/?p=11454"},"modified":"2026-04-28T14:13:02","modified_gmt":"2026-04-28T14:13:02","slug":"congreso-76-de-la-ftc-resuelve-reafirmar-el-caracter-100-estatal-de-las-actuales-divisiones-de-codelco","status":"publish","type":"post","link":"https:\/\/sindicato1chuqui.cl\/maqueta\/2026\/04\/28\/congreso-76-de-la-ftc-resuelve-reafirmar-el-caracter-100-estatal-de-las-actuales-divisiones-de-codelco\/","title":{"rendered":"Congreso 76 de la FTC resuelve reafirmar el car\u00e1cter 100% estatal de las actuales divisiones de Codelco."},"content":{"rendered":"<p style=\"text-align: justify;\">Con acuerdos orientados a robustecer las propuestas y estrategias sindicales para enfrentar los desaf\u00edos de Codelco en su rol de empresa del Estado, en \u00e1mbitos cr\u00edticos como gesti\u00f3n en seguridad, planificaci\u00f3n de operaciones, mantenimiento de activos, gesti\u00f3n del abastecimiento, gesti\u00f3n de inversiones, junto con defender la continuidad y el aporte estrat\u00e9gico de las fundiciones y refiner\u00edas con las que cuenta la Corporaci\u00f3n, se desarroll\u00f3 el 76\u00b0 Congreso Nacional Ordinario de la Federaci\u00f3n de Trabajadores del Cobre, evento que cont\u00f3 con la participaci\u00f3n de las m\u00e1ximas autoridades y ejecutivos de Codelco y de m\u00e1s de un centenar de dirigentes sindicales de Anglo American Sur, Engie \u2013 Tocopilla y de la propia Corporaci\u00f3n.<\/p>\n<p style=\"text-align: justify;\">Asimismo, la principal instancia resolutiva de la Federaci\u00f3n, que se llev\u00f3 a cabo entre el 21 y 24 de abril, resolvi\u00f3 reafirmar el car\u00e1cter 100% estatal de las actuales divisiones de Codelco, ya que contin\u00faan siendo el principal y mejor negocio de Chile. La plenaria sindical tambi\u00e9n decidi\u00f3 implementar un conjunto de acciones orientadas a potenciar el desarrollo laboral, nivelar beneficios para las y los trabajadores y poner t\u00e9rmino a discriminaciones respecto a la indemnizaci\u00f3n por a\u00f1os de servicios, medida que afecta a trabajadores que pertenecen a una misma unidad organizacional, a una misma divisi\u00f3n y a la misma empresa.<\/p>\n<p style=\"text-align: justify;\">El Congreso tambi\u00e9n acord\u00f3 defender y proteger la seguridad y salud de las personas que se desempe\u00f1an en la actividad minera. Asimismo, la plenaria sindical debati\u00f3 y logr\u00f3 acuerdos transversales para fortalecer el funcionamiento interno de la Federaci\u00f3n de Trabajadores del Cobre.<\/p>\n<p style=\"text-align: center;\"><iframe src=\"\/\/www.youtube.com\/embed\/XSvOAUlgy7E\" width=\"560\" height=\"314\" allowfullscreen=\"allowfullscreen\"><\/iframe><\/p>\n","protected":false},"excerpt":{"rendered":"<p>Con acuerdos orientados a robustecer las propuestas y estrategias sindicales para enfrentar los desaf\u00edos de Codelco en su rol de empresa del Estado, en \u00e1mbitos cr\u00edticos como gesti\u00f3n en seguridad, planificaci\u00f3n de operaciones, mantenimiento de activos, gesti\u00f3n del abastecimiento, gesti\u00f3n de inversiones, junto con defender la continuidad y el aporte estrat\u00e9gico de las fundiciones y [&#8230;]\n","protected":false},"author":4,"featured_media":11455,"comment_status":"closed","ping_status":"closed","sticky":false,"template":"","format":"standard","meta":{"footnotes":""},"categories":[124,125],"tags":[],"class_list":["post-11454","post","type-post","status-publish","format-standard","has-post-thumbnail","hentry","category-noticias","category-noticiassindi"],"_links":{"self":[{"href":"https:\/\/sindicato1chuqui.cl\/maqueta\/wp-json\/wp\/v2\/posts\/11454","targetHints":{"allow":["GET"]}}],"collection":[{"href":"https:\/\/sindicato1chuqui.cl\/maqueta\/wp-json\/wp\/v2\/posts"}],"about":[{"href":"https:\/\/sindicato1chuqui.cl\/maqueta\/wp-json\/wp\/v2\/types\/post"}],"author":[{"embeddable":true,"href":"https:\/\/sindicato1chuqui.cl\/maqueta\/wp-json\/wp\/v2\/users\/4"}],"replies":[{"embeddable":true,"href":"https:\/\/sindicato1chuqui.cl\/maqueta\/wp-json\/wp\/v2\/comments?post=11454"}],"version-history":[{"count":1,"href":"https:\/\/sindicato1chuqui.cl\/maqueta\/wp-json\/wp\/v2\/posts\/11454\/revisions"}],"predecessor-version":[{"id":11456,"href":"https:\/\/sindicato1chuqui.cl\/maqueta\/wp-json\/wp\/v2\/posts\/11454\/revisions\/11456"}],"wp:featuredmedia":[{"embeddable":true,"href":"https:\/\/sindicato1chuqui.cl\/maqueta\/wp-json\/wp\/v2\/media\/11455"}],"wp:attachment":[{"href":"https:\/\/sindicato1chuqui.cl\/maqueta\/wp-json\/wp\/v2\/media?parent=11454"}],"wp:term":[{"taxonomy":"category","embeddable":true,"href":"https:\/\/sindicato1chuqui.cl\/maqueta\/wp-json\/wp\/v2\/categories?post=11454"},{"taxonomy":"post_tag","embeddable":true,"href":"https:\/\/sindicato1chuqui.cl\/maqueta\/wp-json\/wp\/v2\/tags?post=11454"}],"curies":[{"name":"wp","href":"https:\/\/api.w.org\/{rel}","templated":true}]}}