{"id":11431,"date":"2026-03-10T12:07:18","date_gmt":"2026-03-10T12:07:18","guid":{"rendered":"https:\/\/sindicato1chuqui.cl\/maqueta\/?p=11431"},"modified":"2026-03-10T12:07:18","modified_gmt":"2026-03-10T12:07:18","slug":"chuqui-fest-musica-homenaje-y-grandes-momentos-que-pronto-podras-revivir-en-nuestras-redes","status":"publish","type":"post","link":"https:\/\/sindicato1chuqui.cl\/maqueta\/2026\/03\/10\/chuqui-fest-musica-homenaje-y-grandes-momentos-que-pronto-podras-revivir-en-nuestras-redes\/","title":{"rendered":"Chuqui Fest: m\u00fasica, homenaje y grandes momentos que pronto podr\u00e1s revivir en nuestras redes"},"content":{"rendered":"<p style=\"text-align: justify;\">Estos son solo algunos de los grandes momentos que nos regal\u00f3 el <strong data-start=\"65\" data-end=\"80\">Chuqui Fest<\/strong>: una jornada llena de alegr\u00eda, donde disfrutamos del talento de destacados artistas, rendimos un merecido homenaje a las mujeres en su d\u00eda y vibramos con la voz y energ\u00eda de quienes se presentaron en el escenario. Muy pronto podr\u00e1n revivir <strong data-start=\"321\" data-end=\"348\">el Chuqui Fest completo<\/strong> a trav\u00e9s de nuestras redes sociales, as\u00ed que atentos, porque lo mejor de esta gran celebraci\u00f3n est\u00e1 por venir.<\/p>\n<p style=\"text-align: center;\"><iframe src=\"\/\/www.youtube.com\/embed\/_GB-ppiMOLQ\" width=\"560\" height=\"314\" allowfullscreen=\"allowfullscreen\"><\/iframe><\/p>\n<p>&nbsp;<\/p>\n","protected":false},"excerpt":{"rendered":"<p>Estos son solo algunos de los grandes momentos que nos regal\u00f3 el Chuqui Fest: una jornada llena de alegr\u00eda, donde disfrutamos del talento de destacados artistas, rendimos un merecido homenaje a las mujeres en su d\u00eda y vibramos con la voz y energ\u00eda de quienes se presentaron en el escenario. Muy pronto podr\u00e1n revivir el [&#8230;]\n","protected":false},"author":4,"featured_media":11433,"comment_status":"closed","ping_status":"closed","sticky":false,"template":"","format":"standard","meta":{"footnotes":""},"categories":[124,125],"tags":[],"class_list":["post-11431","post","type-post","status-publish","format-standard","has-post-thumbnail","hentry","category-noticias","category-noticiassindi"],"_links":{"self":[{"href":"https:\/\/sindicato1chuqui.cl\/maqueta\/wp-json\/wp\/v2\/posts\/11431","targetHints":{"allow":["GET"]}}],"collection":[{"href":"https:\/\/sindicato1chuqui.cl\/maqueta\/wp-json\/wp\/v2\/posts"}],"about":[{"href":"https:\/\/sindicato1chuqui.cl\/maqueta\/wp-json\/wp\/v2\/types\/post"}],"author":[{"embeddable":true,"href":"https:\/\/sindicato1chuqui.cl\/maqueta\/wp-json\/wp\/v2\/users\/4"}],"replies":[{"embeddable":true,"href":"https:\/\/sindicato1chuqui.cl\/maqueta\/wp-json\/wp\/v2\/comments?post=11431"}],"version-history":[{"count":1,"href":"https:\/\/sindicato1chuqui.cl\/maqueta\/wp-json\/wp\/v2\/posts\/11431\/revisions"}],"predecessor-version":[{"id":11434,"href":"https:\/\/sindicato1chuqui.cl\/maqueta\/wp-json\/wp\/v2\/posts\/11431\/revisions\/11434"}],"wp:featuredmedia":[{"embeddable":true,"href":"https:\/\/sindicato1chuqui.cl\/maqueta\/wp-json\/wp\/v2\/media\/11433"}],"wp:attachment":[{"href":"https:\/\/sindicato1chuqui.cl\/maqueta\/wp-json\/wp\/v2\/media?parent=11431"}],"wp:term":[{"taxonomy":"category","embeddable":true,"href":"https:\/\/sindicato1chuqui.cl\/maqueta\/wp-json\/wp\/v2\/categories?post=11431"},{"taxonomy":"post_tag","embeddable":true,"href":"https:\/\/sindicato1chuqui.cl\/maqueta\/wp-json\/wp\/v2\/tags?post=11431"}],"curies":[{"name":"wp","href":"https:\/\/api.w.org\/{rel}","templated":true}]}}