{"id":11428,"date":"2026-03-08T01:02:02","date_gmt":"2026-03-08T01:02:02","guid":{"rendered":"https:\/\/sindicato1chuqui.cl\/maqueta\/?p=11428"},"modified":"2026-03-08T01:02:02","modified_gmt":"2026-03-08T01:02:02","slug":"chuqui-fest-un-exito-total","status":"publish","type":"post","link":"https:\/\/sindicato1chuqui.cl\/maqueta\/2026\/03\/08\/chuqui-fest-un-exito-total\/","title":{"rendered":"Chuqui Fest un \u00e9xito total"},"content":{"rendered":"<div dir=\"auto\" style=\"text-align: justify;\">No fue solo un evento, fue el latido de una familia que se reconoce en el esfuerzo y la alegr\u00eda. El Chuqui Fest de ayer no habr\u00eda tenido alma sin la presencia, la sonrisa y la energ\u00eda de cada uno de nuestros socios y socias. Ustedes son el motor que impulsa este Sindicato y quienes transformaron una jornada de aniversario en un recuerdo imborrable.<\/div>\n<div dir=\"auto\" style=\"text-align: justify;\">\u200bComo equipo, queremos expresar nuestra m\u00e1s profunda gratitud a los socios y socias que dijeron \u00abpresente\u00bb. Ver la masiva convocatoria nos llena de un orgullo. Gracias a la confianza de nuestro Directorio, logramos materializar un espacio donde el talento de nuestra propia gente brill\u00f3 con luz propia sobre el escenario, dej\u00e1ndonos a todos maravillados con su arte y entrega.<\/div>\n<div dir=\"auto\" style=\"text-align: justify;\">\u200bMenci\u00f3n aparte merecen la sencillez y el talento inmenso de Paola Troncoso y Patricio Fuentes. Dos gigantes de la comedia que, con su calidez humana, se ganaron el coraz\u00f3n de nuestra familia sindical y nos regalaron momentos de risa pura que atesoraremos por siempre.<\/div>\n<div dir=\"auto\" style=\"text-align: justify;\">\u200b\u00a1La emoci\u00f3n contin\u00faa! Sabemos que muchos de nuestros socios y socias no pudieron acompa\u00f1arnos por diversos motivos, pero nadie se quedar\u00e1 fuera de esta celebraci\u00f3n. En los pr\u00f3ximos d\u00edas, abriremos nuestras plataformas oficiales para que todos puedan revivir, cuadro a cuadro, la magia de estos 96 a\u00f1os de historia sindical.<\/div>\n<div dir=\"auto\" style=\"text-align: center;\"><iframe src=\"\/\/www.youtube.com\/embed\/A5UIFD1c0FA\" width=\"560\" height=\"314\" allowfullscreen=\"allowfullscreen\"><\/iframe><\/div>\n","protected":false},"excerpt":{"rendered":"<p>No fue solo un evento, fue el latido de una familia que se reconoce en el esfuerzo y la alegr\u00eda. El Chuqui Fest de ayer no habr\u00eda tenido alma sin la presencia, la sonrisa y la energ\u00eda de cada uno de nuestros socios y socias. Ustedes son el motor que impulsa este Sindicato y quienes [&#8230;]\n","protected":false},"author":4,"featured_media":11429,"comment_status":"closed","ping_status":"closed","sticky":false,"template":"","format":"standard","meta":{"footnotes":""},"categories":[124,125],"tags":[],"class_list":["post-11428","post","type-post","status-publish","format-standard","has-post-thumbnail","hentry","category-noticias","category-noticiassindi"],"_links":{"self":[{"href":"https:\/\/sindicato1chuqui.cl\/maqueta\/wp-json\/wp\/v2\/posts\/11428","targetHints":{"allow":["GET"]}}],"collection":[{"href":"https:\/\/sindicato1chuqui.cl\/maqueta\/wp-json\/wp\/v2\/posts"}],"about":[{"href":"https:\/\/sindicato1chuqui.cl\/maqueta\/wp-json\/wp\/v2\/types\/post"}],"author":[{"embeddable":true,"href":"https:\/\/sindicato1chuqui.cl\/maqueta\/wp-json\/wp\/v2\/users\/4"}],"replies":[{"embeddable":true,"href":"https:\/\/sindicato1chuqui.cl\/maqueta\/wp-json\/wp\/v2\/comments?post=11428"}],"version-history":[{"count":1,"href":"https:\/\/sindicato1chuqui.cl\/maqueta\/wp-json\/wp\/v2\/posts\/11428\/revisions"}],"predecessor-version":[{"id":11430,"href":"https:\/\/sindicato1chuqui.cl\/maqueta\/wp-json\/wp\/v2\/posts\/11428\/revisions\/11430"}],"wp:featuredmedia":[{"embeddable":true,"href":"https:\/\/sindicato1chuqui.cl\/maqueta\/wp-json\/wp\/v2\/media\/11429"}],"wp:attachment":[{"href":"https:\/\/sindicato1chuqui.cl\/maqueta\/wp-json\/wp\/v2\/media?parent=11428"}],"wp:term":[{"taxonomy":"category","embeddable":true,"href":"https:\/\/sindicato1chuqui.cl\/maqueta\/wp-json\/wp\/v2\/categories?post=11428"},{"taxonomy":"post_tag","embeddable":true,"href":"https:\/\/sindicato1chuqui.cl\/maqueta\/wp-json\/wp\/v2\/tags?post=11428"}],"curies":[{"name":"wp","href":"https:\/\/api.w.org\/{rel}","templated":true}]}}