{"id":11364,"date":"2025-12-30T12:14:17","date_gmt":"2025-12-30T12:14:17","guid":{"rendered":"https:\/\/sindicato1chuqui.cl\/maqueta\/?p=11364"},"modified":"2026-01-14T12:19:05","modified_gmt":"2026-01-14T12:19:05","slug":"directorio-del-sindicato-sostiene-primera-reunion-con-la-directora-del-hospital-del-cobre","status":"publish","type":"post","link":"https:\/\/sindicato1chuqui.cl\/maqueta\/2025\/12\/30\/directorio-del-sindicato-sostiene-primera-reunion-con-la-directora-del-hospital-del-cobre\/","title":{"rendered":"Directorio del sindicato sostiene primera reuni\u00f3n con la directora del Hospital del Cobre"},"content":{"rendered":"<p style=\"text-align: justify;\">En la Oportunidad el Directorio pudo exponer las principales preocupaciones respecto al funcionamiento de nuestro servicio de salud, las cuales se enfocan en la priorizaci\u00f3n de la atenci\u00f3n de los trabajadores\/as frente a problemas de salud y su correcta recuperaci\u00f3n, como tambi\u00e9n en los plazos, muchas veces excesivos, que se dan para interconsultas y que tambi\u00e9n implican retardos en la recuperaci\u00f3n.<\/p>\n<p><a href=\"https:\/\/sindicato1chuqui.cl\/maqueta\/wp-content\/uploads\/2026\/01\/WhatsApp-Image-2026-01-14-at-06.11.20.jpeg\"><img fetchpriority=\"high\" decoding=\"async\" class=\"aligncenter wp-image-11365 size-full\" src=\"https:\/\/sindicato1chuqui.cl\/maqueta\/wp-content\/uploads\/2026\/01\/WhatsApp-Image-2026-01-14-at-06.11.20.jpeg\" alt=\"\" width=\"1131\" height=\"1600\" srcset=\"https:\/\/sindicato1chuqui.cl\/maqueta\/wp-content\/uploads\/2026\/01\/WhatsApp-Image-2026-01-14-at-06.11.20.jpeg 1131w, https:\/\/sindicato1chuqui.cl\/maqueta\/wp-content\/uploads\/2026\/01\/WhatsApp-Image-2026-01-14-at-06.11.20-283x400.jpeg 283w, https:\/\/sindicato1chuqui.cl\/maqueta\/wp-content\/uploads\/2026\/01\/WhatsApp-Image-2026-01-14-at-06.11.20-566x800.jpeg 566w, https:\/\/sindicato1chuqui.cl\/maqueta\/wp-content\/uploads\/2026\/01\/WhatsApp-Image-2026-01-14-at-06.11.20-768x1086.jpeg 768w, https:\/\/sindicato1chuqui.cl\/maqueta\/wp-content\/uploads\/2026\/01\/WhatsApp-Image-2026-01-14-at-06.11.20-1086x1536.jpeg 1086w\" sizes=\"(max-width: 1131px) 100vw, 1131px\" \/><\/a><\/p>\n","protected":false},"excerpt":{"rendered":"<p>En la Oportunidad el Directorio pudo exponer las principales preocupaciones respecto al funcionamiento de nuestro servicio de salud, las cuales se enfocan en la priorizaci\u00f3n de la atenci\u00f3n de los trabajadores\/as frente a problemas de salud y su correcta recuperaci\u00f3n, como tambi\u00e9n en los plazos, muchas veces excesivos, que se dan para interconsultas y que [&#8230;]\n","protected":false},"author":4,"featured_media":11366,"comment_status":"closed","ping_status":"closed","sticky":false,"template":"","format":"standard","meta":{"footnotes":""},"categories":[124,125],"tags":[],"class_list":["post-11364","post","type-post","status-publish","format-standard","has-post-thumbnail","hentry","category-noticias","category-noticiassindi"],"_links":{"self":[{"href":"https:\/\/sindicato1chuqui.cl\/maqueta\/wp-json\/wp\/v2\/posts\/11364","targetHints":{"allow":["GET"]}}],"collection":[{"href":"https:\/\/sindicato1chuqui.cl\/maqueta\/wp-json\/wp\/v2\/posts"}],"about":[{"href":"https:\/\/sindicato1chuqui.cl\/maqueta\/wp-json\/wp\/v2\/types\/post"}],"author":[{"embeddable":true,"href":"https:\/\/sindicato1chuqui.cl\/maqueta\/wp-json\/wp\/v2\/users\/4"}],"replies":[{"embeddable":true,"href":"https:\/\/sindicato1chuqui.cl\/maqueta\/wp-json\/wp\/v2\/comments?post=11364"}],"version-history":[{"count":1,"href":"https:\/\/sindicato1chuqui.cl\/maqueta\/wp-json\/wp\/v2\/posts\/11364\/revisions"}],"predecessor-version":[{"id":11367,"href":"https:\/\/sindicato1chuqui.cl\/maqueta\/wp-json\/wp\/v2\/posts\/11364\/revisions\/11367"}],"wp:featuredmedia":[{"embeddable":true,"href":"https:\/\/sindicato1chuqui.cl\/maqueta\/wp-json\/wp\/v2\/media\/11366"}],"wp:attachment":[{"href":"https:\/\/sindicato1chuqui.cl\/maqueta\/wp-json\/wp\/v2\/media?parent=11364"}],"wp:term":[{"taxonomy":"category","embeddable":true,"href":"https:\/\/sindicato1chuqui.cl\/maqueta\/wp-json\/wp\/v2\/categories?post=11364"},{"taxonomy":"post_tag","embeddable":true,"href":"https:\/\/sindicato1chuqui.cl\/maqueta\/wp-json\/wp\/v2\/tags?post=11364"}],"curies":[{"name":"wp","href":"https:\/\/api.w.org\/{rel}","templated":true}]}}