{"id":11358,"date":"2026-01-09T11:56:38","date_gmt":"2026-01-09T11:56:38","guid":{"rendered":"https:\/\/sindicato1chuqui.cl\/maqueta\/?p=11358"},"modified":"2026-01-14T11:59:30","modified_gmt":"2026-01-14T11:59:30","slug":"internalizacion-de-mantenimiento-en-chuquicamata-subterranea-es-una-realidad","status":"publish","type":"post","link":"https:\/\/sindicato1chuqui.cl\/maqueta\/2026\/01\/09\/internalizacion-de-mantenimiento-en-chuquicamata-subterranea-es-una-realidad\/","title":{"rendered":"Internalizaci\u00f3n de mantenimiento en Chuquicamata Subterr\u00e1nea es una realidad"},"content":{"rendered":"<p style=\"text-align: justify;\">Expresamos nuestro reconocimiento y valoraci\u00f3n al trabajo conjunto realizado por los equipos divisionales y corporativos que han hecho posible avanzar, en t\u00e9rminos concretos, en recuperar la competitividad de Codelco, mediante la internalizaci\u00f3n de actividades cr\u00edticas y estrat\u00e9gicas de mantenimiento en las distintas divisiones de la Corporaci\u00f3n.<\/p>\n<p><a href=\"https:\/\/sindicato1chuqui.cl\/maqueta\/wp-content\/uploads\/2026\/01\/614230200_866567746071254_1991406877518784183_n.jpg\"><img fetchpriority=\"high\" decoding=\"async\" class=\"aligncenter wp-image-11359 size-full\" src=\"https:\/\/sindicato1chuqui.cl\/maqueta\/wp-content\/uploads\/2026\/01\/614230200_866567746071254_1991406877518784183_n.jpg\" alt=\"\" width=\"1080\" height=\"1395\" srcset=\"https:\/\/sindicato1chuqui.cl\/maqueta\/wp-content\/uploads\/2026\/01\/614230200_866567746071254_1991406877518784183_n.jpg 1080w, https:\/\/sindicato1chuqui.cl\/maqueta\/wp-content\/uploads\/2026\/01\/614230200_866567746071254_1991406877518784183_n-310x400.jpg 310w, https:\/\/sindicato1chuqui.cl\/maqueta\/wp-content\/uploads\/2026\/01\/614230200_866567746071254_1991406877518784183_n-619x800.jpg 619w, https:\/\/sindicato1chuqui.cl\/maqueta\/wp-content\/uploads\/2026\/01\/614230200_866567746071254_1991406877518784183_n-768x992.jpg 768w\" sizes=\"(max-width: 1080px) 100vw, 1080px\" \/><\/a><\/p>\n","protected":false},"excerpt":{"rendered":"<p>Expresamos nuestro reconocimiento y valoraci\u00f3n al trabajo conjunto realizado por los equipos divisionales y corporativos que han hecho posible avanzar, en t\u00e9rminos concretos, en recuperar la competitividad de Codelco, mediante la internalizaci\u00f3n de actividades cr\u00edticas y estrat\u00e9gicas de mantenimiento en las distintas divisiones de la Corporaci\u00f3n.<\/p>\n","protected":false},"author":4,"featured_media":10936,"comment_status":"closed","ping_status":"closed","sticky":false,"template":"","format":"standard","meta":{"footnotes":""},"categories":[124,125],"tags":[],"class_list":["post-11358","post","type-post","status-publish","format-standard","has-post-thumbnail","hentry","category-noticias","category-noticiassindi"],"_links":{"self":[{"href":"https:\/\/sindicato1chuqui.cl\/maqueta\/wp-json\/wp\/v2\/posts\/11358","targetHints":{"allow":["GET"]}}],"collection":[{"href":"https:\/\/sindicato1chuqui.cl\/maqueta\/wp-json\/wp\/v2\/posts"}],"about":[{"href":"https:\/\/sindicato1chuqui.cl\/maqueta\/wp-json\/wp\/v2\/types\/post"}],"author":[{"embeddable":true,"href":"https:\/\/sindicato1chuqui.cl\/maqueta\/wp-json\/wp\/v2\/users\/4"}],"replies":[{"embeddable":true,"href":"https:\/\/sindicato1chuqui.cl\/maqueta\/wp-json\/wp\/v2\/comments?post=11358"}],"version-history":[{"count":1,"href":"https:\/\/sindicato1chuqui.cl\/maqueta\/wp-json\/wp\/v2\/posts\/11358\/revisions"}],"predecessor-version":[{"id":11360,"href":"https:\/\/sindicato1chuqui.cl\/maqueta\/wp-json\/wp\/v2\/posts\/11358\/revisions\/11360"}],"wp:featuredmedia":[{"embeddable":true,"href":"https:\/\/sindicato1chuqui.cl\/maqueta\/wp-json\/wp\/v2\/media\/10936"}],"wp:attachment":[{"href":"https:\/\/sindicato1chuqui.cl\/maqueta\/wp-json\/wp\/v2\/media?parent=11358"}],"wp:term":[{"taxonomy":"category","embeddable":true,"href":"https:\/\/sindicato1chuqui.cl\/maqueta\/wp-json\/wp\/v2\/categories?post=11358"},{"taxonomy":"post_tag","embeddable":true,"href":"https:\/\/sindicato1chuqui.cl\/maqueta\/wp-json\/wp\/v2\/tags?post=11358"}],"curies":[{"name":"wp","href":"https:\/\/api.w.org\/{rel}","templated":true}]}}